{"id":7650,"date":"2023-01-30T13:03:20","date_gmt":"2023-01-30T13:03:20","guid":{"rendered":"https:\/\/wisecreativeagency.com\/?p=7650"},"modified":"2023-02-03T11:14:47","modified_gmt":"2023-02-03T11:14:47","slug":"facebook-est-il-mort","status":"publish","type":"post","link":"https:\/\/wisecreativeagency.com\/fr\/facebook-est-il-mort\/","title":{"rendered":"Facebook est-il mort ?"},"content":{"rendered":"\n<p>Quel r\u00e9seau social choisir ? C&rsquo;est bien souvent la premi\u00e8re question qu&rsquo;on se pose quand on lance son business en ligne. Impossible de rater cette \u00e9tape si on veut r\u00e9ussir : il faut \u00eatre pr\u00e9sent sur au moins une plateforme pour se faire voir et vendre. Certaines vont \u00eatre \u00e9videntes \u00e0 choisir, car vous les connaissez bien et les utilisez personnellement. D\u2019autres vont \u00eatre plus compliqu\u00e9es car vous pensez qu&rsquo;elles ne valent pas le coup. C\u2019est souvent le cas de Facebook. Mais alors faut-il encore utiliser Facebook en tant que marque ou bien ce r\u00e9seau est-il d\u00e9finitivement mort et enterr\u00e9 ? Essayons de voir \u00e7a ensemble !<\/p>\n\n\n\n<h2 class=\"wp-block-heading\">Qui utilise encore Facebook ?<\/h2>\n\n\n\n<p>Facebook, c\u2019est le r\u00e9seau social le plus utilis\u00e9 au monde avec plus de 3 milliards d&rsquo;utilisateurs actifs recens\u00e9s en octobre 2022. Pourtant, on a l\u2019impression que de moins en moins de monde y est pr\u00e9sent\u2026 mais \u00e7a ne pourrait \u00eatre que plus faux !<\/p>\n\n\n\n<p>Posez la question \u00e0 votre entourage. Beaucoup diront que Facebook \u201cc\u2019est has been\u201d ou \u201cje n&rsquo;y vais jamais\u201d. Alors certes, ils ne publient plus leurs \u00e9tats d&rsquo;\u00e2me comme ils l&rsquo;auraient fait \u00e0 leur 16 ans, mais ils continuent de s&rsquo;y connecter tous les jours, comme un r\u00e9flexe ancr\u00e9 dans leur routine. C&rsquo;est toute la force de <strong>Facebook <\/strong>:<strong> un outil bien pratique dans notre vie quotidienne.<\/strong> Facebook, c&rsquo;est l\u00e0 o\u00f9 on va lire les infos, regarder des extraits de nos shows pr\u00e9f\u00e9r\u00e9s, discuter avec des communaut\u00e9s, chercher \u00e0 vendre ou \u00e0 acheter sur le marketplace&#8230;<\/p>\n\n\n\n<p>L&rsquo;usage de Facebook comme son \u00ab\u00a0journal intime\u00a0\u00bb digital est r\u00e9volu. Mais cela ne veut pas dire que plus personne n&rsquo;utilise la plateforme. Les usages ont juste \u00e9volu\u00e9 diff\u00e9remment. <\/p>\n\n\n\n<h3 class=\"wp-block-heading\">Les entreprises ont-elles tu\u00e9 Facebook ?<\/h3>\n\n\n\n<p>En v\u00e9rit\u00e9, on dit que Facebook est mort quand on manage une page de business de fa\u00e7on trop plate. En d&rsquo;autres mots : tourn\u00e9e vers sa promotion, et non vers nos abonn\u00e9s. On consomme d\u00e9j\u00e0 de la pub partout dans notre vie : quand on navigue sur notre t\u00e9l\u00e9phone, aux arr\u00eats de bus, \u00e0 la t\u00e9l\u00e9, dans le m\u00e9tro\u2026. Alors <strong>quand une entreprise d\u00e9barque sur les r\u00e9seaux sociaux avec un seul objectif &#8211; faire de la pub &#8211; plut\u00f4t que de penser partage et storytelling, les utilisateurs fuient. Et \u00e0 raison. <\/strong><\/p>\n\n\n\n<p>Au contraire, si vous utilisez Facebook avec une vraie strat\u00e9gie de contenu \u00e0 valeur ajout\u00e9e pour vos utilisateurs, vous risquez d&rsquo;\u00eatre surpris ! Facebook est un super endroit pour publier du contenu informationnel, cr\u00e9er une communaut\u00e9 autour d&rsquo;un int\u00e9r\u00eat commun, demander l&rsquo;avis des gens&#8230; Si vous gardez \u00e7a en t\u00eate, alors vous pouvez pousser votre pr\u00e9sence sur Facebook \u00e0 son meilleur potentiel. <\/p>\n\n\n\n<h2 class=\"wp-block-heading\">L\u2019algorithme b\u00eate et m\u00e9chant<\/h2>\n\n\n\n<figure class=\"wp-block-image size-full\"><img loading=\"lazy\" decoding=\"async\" width=\"1025\" height=\"696\" src=\"https:\/\/wisecreativeagency.com\/wp-content\/uploads\/2023\/01\/Algorithme-facebook.jpg\" alt=\"\" class=\"wp-image-8014\" srcset=\"https:\/\/wisecreativeagency.com\/wp-content\/uploads\/2023\/01\/Algorithme-facebook.jpg 1025w, https:\/\/wisecreativeagency.com\/wp-content\/uploads\/2023\/01\/Algorithme-facebook-550x373.jpg 550w, https:\/\/wisecreativeagency.com\/wp-content\/uploads\/2023\/01\/Algorithme-facebook-768x521.jpg 768w\" sizes=\"auto, (max-width: 1025px) 100vw, 1025px\" \/><\/figure>\n\n\n\n<p>On dit souvent que Facebook a un taux d&rsquo;engagement plus bas que d&rsquo;autres plateformes comme Instagram ou TikTok. En fait, c&rsquo;est surtout parce que Facebook regroupe plein de formats de contenus et d\u2019outils diff\u00e9rents et qu&rsquo;il est difficile pour son algorithme de d\u00e9finir une r\u00e8gle pr\u00e9cise pour mesurer l&rsquo;engagement d&rsquo;un contenu. <\/p>\n\n\n\n<p>Par exemple, Facebook a ajout\u00e9 un onglet \u201creels\u201d qui est tout bonnement un lieu o\u00f9 sont regroup\u00e9es des vid\u00e9os au format TikTok. Sauf que quand sur TikTok l\u2019algorithme favorise le taux de revisionnage, sur Facebook, l\u2019algorithme se base sur le taux d\u2019engagement alors que g\u00e9n\u00e9ralement les utilisateurs se contentent de visionner les vid\u00e9os sans forc\u00e9ment commenter.&nbsp;<\/p>\n\n\n\n<p>C\u2019est ce qui explique pourquoi beaucoup d&rsquo;entreprises et cr\u00e9ateurs de contenu ont d\u00e9laiss\u00e9 Facebook. Travailler des heures sur un contenu pour 2 likes, c&rsquo;est d\u00e9courageant. Pourtant, les formats \u00e9voluent, et il est encore possible de capter une forte audience sur Facebook. Une technique int\u00e9ressante ? <strong>Recycler son contenu Youtube, Tik Tok, Instagram ou Twitch pour l\u2019adapter aux codes de Facebook<\/strong>. Par exemple, les vid\u00e9os sont partag\u00e9es sur Facebook sous forme de best-off des moments les plus impactants, et \u00e7a marche du tonnerre. <\/p>\n\n\n\n<p>\u00c7a peut para\u00eetre simple comme \u00e7a, mais cela demande une grande connaissance des audiences de chaque plateforme (ce qui pla\u00eet \u00e0 TikTok ne pla\u00eet pas forc\u00e9ment \u00e0 Facebook), d\u2019avoir un peu de recul et surtout un v\u00e9ritable esprit critique sur son propre travail. Privil\u00e9giez les int\u00e9r\u00eats de vos abonn\u00e9s avant les v\u00f4tres, c&rsquo;est crucial.<\/p>\n\n\n\n<p>C\u2019est tout b\u00eate mais peu de business en sont capables, car ils sont trop obnubil\u00e9s par le fait qu\u2019on voit leur logo ou leur offre\u2026 deux choses qui ne sont pas les soucis majeurs de leurs abonn\u00e9s.<\/p>\n\n\n\n<h2 class=\"wp-block-heading\">Des nouveaut\u00e9s qui tardent \u00e0 arriver<\/h2>\n\n\n\n<p>Chaque ann\u00e9e, notre cher Mark Zuckerberg nous fait une annonce pour nous partager un plan de relance de ses r\u00e9seaux Meta (Facebook, Instagram, Messenger, WhatsApp) et chaque ann\u00e9e on a l\u2019impression qu\u2019il s\u2019enfonce encore un peu plus. La metaverse, un espace en r\u00e9alit\u00e9 virtuelle dans lequel on peut passer du temps avec nos amis ou faire du shopping, a \u00e9norm\u00e9ment fait parler \u00e0 ses d\u00e9buts et pourtant<strong>, un an apr\u00e8s rien n\u2019a boug\u00e9 et le souffl\u00e9 commence \u00e0 retomber<\/strong>.<\/p>\n\n\n\n<p><strong>Et 2023 n\u2019annonce rien de tr\u00e8s excitant ni nouveau<\/strong>.&nbsp;<\/p>\n\n\n\n<p>Le fil d\u2019actualit\u00e9 sera inspir\u00e9 de Tik Tok : la page d\u2019accueil se transformera en biblioth\u00e8que de contenu suppos\u00e9e plaire \u00e0 l\u2019utilisateur, et non en un suivi de ses abonnements. M\u00eame Mark Zuckerberg n\u2019y croit pas \u00e0 100% : \u201c\u00e7a passe ou \u00e7a casse\u201d\u2026&nbsp;<\/p>\n\n\n\n<p>Facebook manque principalement d&rsquo;outils pratiques \u00e0 prendre en main. Il y a trop de produits pour les entreprises \u00e0 l&rsquo;heure actuelle, et <strong>entre le creator studio, business suite, les profils personnels, on s&rsquo;y perd carr\u00e9ment.<\/strong><\/p>\n\n\n\n<p>On esp\u00e8re qu\u2019avec ce changement d\u2019algorithme viendra une r\u00e9organisation globale de l\u2019interface Facebook pour placer l\u2019exp\u00e9rience utilisateur au premier plan.<\/p>\n\n\n\n<h2 class=\"wp-block-heading\">Pourquoi utiliser Facebook ?<\/h2>\n\n\n\n<p>Avec ce tableau dress\u00e9 en demi-teinte, vous vous demandez s\u00fbrement : mais alors pourquoi utiliser Facebook pour mon business ? Et la r\u00e9ponse est simple : <strong>si vous en avez une bonne utilisation, Facebook garde un gros potentiel de visibilit\u00e9.<\/strong> Pour \u00e7a r\u00e9fl\u00e9chissez d\u00e9j\u00e0 \u00e0 si l\u2019activit\u00e9 de votre entreprise a sa place sur Facebook :&nbsp;<\/p>\n\n\n\n<ul class=\"wp-block-list\">\n<li>Est-ce que vous pouvez prendre part \u00e0 l\u2019actualit\u00e9 ?<\/li>\n\n\n\n<li>Est-ce que votre activit\u00e9 vous permet d\u2019interagir dans des groupes locaux ou sp\u00e9cialis\u00e9s ?<\/li>\n\n\n\n<li>Avez-vous le temps et la possibilit\u00e9 d\u2019utiliser les diff\u00e9rents services Facebook ?<\/li>\n<\/ul>\n\n\n\n<p>Voici ce que vous pouvez faire pour \u00e7a. <\/p>\n\n\n\n<h3 class=\"wp-block-heading\">Favoriser l\u2019impact local avec les groupes Facebook et le marketplace<\/h3>\n\n\n\n<p><strong>Facebook est g\u00e9nial pour faire du marketing local. Il y a \u00e9norm\u00e9ment de pages et de groupes cr\u00e9\u00e9s autour de villes qui peuvent vous aider \u00e0 vous faire conna\u00eetre.<\/strong> Recherchez les groupes de votre ville ou d\u00e9partement, il y en a forc\u00e9ment un ! Et commencez \u00e0 interagir avec les gens en commentaire, partagez-y de temps en temps l\u2019un de vos contenus pour devenir un acteur local incontournable.<\/p>\n\n\n\n<p>Vous connaissez le marketplace ? C\u2019est l\u2019\u00e9quivalent de Leboncoin mais sur Facebook ! Les particuliers publient des annonces pour revendre des objets dont ils n\u2019ont plus besoin et certaines entreprises y proposent leurs services. <\/p>\n\n\n\n<p><strong>Le secret de Facebook c\u2019est de ne pas faire que de la communication institutionnelle, mais d\u2019aller se m\u00ealer aux utilisateurs sur les canaux qu\u2019ils utilisent.<\/strong><\/p>\n\n\n\n<h3 class=\"wp-block-heading\">Utiliser la vid\u00e9o pour plus de visibilit\u00e9 sur Facebook<\/h3>\n\n\n\n<p>Sur Facebook, vous pouvez cr\u00e9er des vid\u00e9os qui pourront devenir virales plus facilement que sur Youtube. Il ne faut pas oublier aussi que l\u2019audience Facebook va \u00eatre plus \u00e2g\u00e9e que celle de Tik Tok ou Snapchat par exemple, donc avec potentiellement plus de pouvoir d\u2019achat\u2026 c\u2019est donc l\u2019audience aupr\u00e8s de laquelle vous souhaitez travailler votre image car c\u2019est elle qui d\u00e9cidera si oui ou non elle ach\u00e8tera le produit de votre entreprise.<\/p>\n\n\n<div class=\"wp-block-image\">\n<figure class=\"aligncenter size-large is-resized\"><img loading=\"lazy\" decoding=\"async\" src=\"https:\/\/wisecreativeagency.com\/wp-content\/uploads\/2023\/02\/Capture-decran-2023-02-03-a-11.44.46-1024x890.jpg\" alt=\"\" class=\"wp-image-8381\" width=\"666\" height=\"579\" srcset=\"https:\/\/wisecreativeagency.com\/wp-content\/uploads\/2023\/02\/Capture-decran-2023-02-03-a-11.44.46-1024x890.jpg 1024w, https:\/\/wisecreativeagency.com\/wp-content\/uploads\/2023\/02\/Capture-decran-2023-02-03-a-11.44.46-550x478.jpg 550w, https:\/\/wisecreativeagency.com\/wp-content\/uploads\/2023\/02\/Capture-decran-2023-02-03-a-11.44.46-768x668.jpg 768w, https:\/\/wisecreativeagency.com\/wp-content\/uploads\/2023\/02\/Capture-decran-2023-02-03-a-11.44.46.jpg 1194w\" sizes=\"auto, (max-width: 666px) 100vw, 666px\" \/><\/figure>\n<\/div>\n\n\n<p>Pour vous donner un exemple (tir\u00e9 de la veille du <a href=\"https:\/\/gensdinternet.fr\/produit\/le-club-social-media-et-influence-lgi\/\" target=\"_blank\" rel=\"noreferrer noopener\">club LGI)<\/a>, en publiant des vid\u00e9os sur Facebook r\u00e9guli\u00e8rement <a href=\"https:\/\/www.facebook.com\/brunomaltor\" target=\"_blank\" rel=\"noreferrer noopener\">Bruno Maltor<\/a> a relanc\u00e9 sa page. <strong>En l\u2019espace de 3 mois, il a r\u00e9uni 20.000 nouveaux abonn\u00e9s.<\/strong> Facebook met clairement en avant les vid\u00e9os et encourage les utilisateurs \u00e0 le faire. Par exemple, <a href=\"https:\/\/www.facebook.com\/reel\/5546033198826153\" target=\"_blank\" rel=\"noreferrer noopener\">cette vid\u00e9o<\/a> de Bruno a enregistr\u00e9 plus d\u2019un million de vues alors que cette m\u00eame vid\u00e9o enregistre pr\u00e8s de 300.000 vues sur TikTok et 200.000 vues sur Shorts.<\/p>\n\n\n\n<p>Avec la bonne strat\u00e9gie, du temps et de la veille, il est donc tout \u00e0 fait possible d&rsquo;investir Facebook de fa\u00e7on intelligente pour son entreprise, et d&rsquo;avoir des r\u00e9sultats. Vous avez envie de savoir si votre compte Facebook est \u00e0 la hauteur ? Jetez un oeil \u00e0 nos produits <a href=\"https:\/\/wisecreativeagency.com\/fr\/wise-essentiels\/\" target=\"_blank\" rel=\"noreferrer noopener\">Wise Essentiels<\/a> pour obtenir votre audit de r\u00e9seau social \u00e0 prix r\u00e9duit. <\/p>\n","protected":false},"excerpt":{"rendered":"<p>Quel r\u00e9seau social choisir ? C&rsquo;est bien souvent la premi\u00e8re question qu&rsquo;on se pose quand on lance son business en ligne. Impossible de rater cette \u00e9tape si on veut r\u00e9ussir : il faut \u00eatre pr\u00e9sent [&hellip;]<\/p>\n","protected":false},"author":2,"featured_media":0,"comment_status":"open","ping_status":"closed","sticky":false,"template":"","format":"standard","meta":{"_acf_changed":false,"footnotes":""},"categories":[202],"tags":[],"class_list":["post-7650","post","type-post","status-publish","format-standard","hentry","category-reseaux-sociaux"],"acf":[],"yoast_head":"<!-- This site is optimized with the Yoast SEO plugin v26.5 - https:\/\/yoast.com\/wordpress\/plugins\/seo\/ -->\n<title>Facebook est-il mort ? - Wise Creative Agency<\/title>\n<meta name=\"description\" content=\"Faut-il encore utiliser Facebook en tant que marque ou bien ce r\u00e9seau est-il d\u00e9finitivement mort et enterr\u00e9 ? Essayons de voir \u00e7a ensemble !\" \/>\n<meta name=\"robots\" content=\"index, follow, max-snippet:-1, max-image-preview:large, max-video-preview:-1\" \/>\n<link rel=\"canonical\" href=\"https:\/\/wisecreativeagency.com\/fr\/facebook-est-il-mort\/\" \/>\n<meta property=\"og:locale\" content=\"fr_FR\" \/>\n<meta property=\"og:type\" content=\"article\" \/>\n<meta property=\"og:title\" content=\"Facebook est-il mort ? - Wise Creative Agency\" \/>\n<meta property=\"og:description\" content=\"Faut-il encore utiliser Facebook en tant que marque ou bien ce r\u00e9seau est-il d\u00e9finitivement mort et enterr\u00e9 ? Essayons de voir \u00e7a ensemble !\" \/>\n<meta property=\"og:url\" content=\"https:\/\/wisecreativeagency.com\/fr\/facebook-est-il-mort\/\" \/>\n<meta property=\"og:site_name\" content=\"Wise Creative Agency\" \/>\n<meta property=\"article:published_time\" content=\"2023-01-30T13:03:20+00:00\" \/>\n<meta property=\"article:modified_time\" content=\"2023-02-03T11:14:47+00:00\" \/>\n<meta property=\"og:image\" content=\"https:\/\/wisecreativeagency.com\/wp-content\/uploads\/2023\/01\/Algorithme-facebook.jpg\" \/>\n<meta name=\"author\" content=\"Estelle Ducommun\" \/>\n<meta name=\"twitter:card\" content=\"summary_large_image\" \/>\n<meta name=\"twitter:label1\" content=\"\u00c9crit par\" \/>\n\t<meta name=\"twitter:data1\" content=\"Estelle Ducommun\" \/>\n\t<meta name=\"twitter:label2\" content=\"Dur\u00e9e de lecture estim\u00e9e\" \/>\n\t<meta name=\"twitter:data2\" content=\"7 minutes\" \/>\n<script type=\"application\/ld+json\" class=\"yoast-schema-graph\">{\"@context\":\"https:\/\/schema.org\",\"@graph\":[{\"@type\":\"WebPage\",\"@id\":\"https:\/\/wisecreativeagency.com\/fr\/facebook-est-il-mort\/\",\"url\":\"https:\/\/wisecreativeagency.com\/fr\/facebook-est-il-mort\/\",\"name\":\"Facebook est-il mort ? - Wise Creative Agency\",\"isPartOf\":{\"@id\":\"https:\/\/wisecreativeagency.com\/fr\/#website\"},\"primaryImageOfPage\":{\"@id\":\"https:\/\/wisecreativeagency.com\/fr\/facebook-est-il-mort\/#primaryimage\"},\"image\":{\"@id\":\"https:\/\/wisecreativeagency.com\/fr\/facebook-est-il-mort\/#primaryimage\"},\"thumbnailUrl\":\"https:\/\/wisecreativeagency.com\/wp-content\/uploads\/2023\/01\/Algorithme-facebook.jpg\",\"datePublished\":\"2023-01-30T13:03:20+00:00\",\"dateModified\":\"2023-02-03T11:14:47+00:00\",\"author\":{\"@id\":\"https:\/\/wisecreativeagency.com\/fr\/#\/schema\/person\/4e45a53fea716beafb8903d4e4adf163\"},\"description\":\"Faut-il encore utiliser Facebook en tant que marque ou bien ce r\u00e9seau est-il d\u00e9finitivement mort et enterr\u00e9 ? Essayons de voir \u00e7a ensemble !\",\"breadcrumb\":{\"@id\":\"https:\/\/wisecreativeagency.com\/fr\/facebook-est-il-mort\/#breadcrumb\"},\"inLanguage\":\"fr-FR\",\"potentialAction\":[{\"@type\":\"ReadAction\",\"target\":[\"https:\/\/wisecreativeagency.com\/fr\/facebook-est-il-mort\/\"]}]},{\"@type\":\"ImageObject\",\"inLanguage\":\"fr-FR\",\"@id\":\"https:\/\/wisecreativeagency.com\/fr\/facebook-est-il-mort\/#primaryimage\",\"url\":\"https:\/\/wisecreativeagency.com\/wp-content\/uploads\/2023\/01\/Algorithme-facebook.jpg\",\"contentUrl\":\"https:\/\/wisecreativeagency.com\/wp-content\/uploads\/2023\/01\/Algorithme-facebook.jpg\"},{\"@type\":\"BreadcrumbList\",\"@id\":\"https:\/\/wisecreativeagency.com\/fr\/facebook-est-il-mort\/#breadcrumb\",\"itemListElement\":[{\"@type\":\"ListItem\",\"position\":1,\"name\":\"Home\",\"item\":\"https:\/\/wisecreativeagency.com\/fr\/\"},{\"@type\":\"ListItem\",\"position\":2,\"name\":\"Facebook est-il mort ?\"}]},{\"@type\":\"WebSite\",\"@id\":\"https:\/\/wisecreativeagency.com\/fr\/#website\",\"url\":\"https:\/\/wisecreativeagency.com\/fr\/\",\"name\":\"Wise Creative Agency\",\"description\":\"Design, Web, SEO &amp; Marketing\",\"potentialAction\":[{\"@type\":\"SearchAction\",\"target\":{\"@type\":\"EntryPoint\",\"urlTemplate\":\"https:\/\/wisecreativeagency.com\/fr\/?s={search_term_string}\"},\"query-input\":{\"@type\":\"PropertyValueSpecification\",\"valueRequired\":true,\"valueName\":\"search_term_string\"}}],\"inLanguage\":\"fr-FR\"},{\"@type\":\"Person\",\"@id\":\"https:\/\/wisecreativeagency.com\/fr\/#\/schema\/person\/4e45a53fea716beafb8903d4e4adf163\",\"name\":\"Estelle Ducommun\",\"image\":{\"@type\":\"ImageObject\",\"inLanguage\":\"fr-FR\",\"@id\":\"https:\/\/wisecreativeagency.com\/fr\/#\/schema\/person\/image\/\",\"url\":\"https:\/\/wisecreativeagency.com\/wp-content\/uploads\/2023\/01\/cropped-IMG_5198-copie-96x96.jpg\",\"contentUrl\":\"https:\/\/wisecreativeagency.com\/wp-content\/uploads\/2023\/01\/cropped-IMG_5198-copie-96x96.jpg\",\"caption\":\"Estelle Ducommun\"},\"description\":\"Hi! My name is Estelle Ducommun, I'm the co-founder of Wise Creative Agency and I am a digital entrepreneur that loves to create and share. From my first personal blog 10 years ago to my digital nomad podcast, I just love the power of sharing - information, content, values - to help other entrepreneur grow and thrive online. Today, I apply all those years practicing SEO and marketing to help clients with powerful and well-thought strategies.\",\"url\":\"https:\/\/wisecreativeagency.com\/fr\/administrator\/estelle-ducommun\/\"}]}<\/script>\n<!-- \/ Yoast SEO plugin. -->","yoast_head_json":{"title":"Facebook est-il mort ? - Wise Creative Agency","description":"Faut-il encore utiliser Facebook en tant que marque ou bien ce r\u00e9seau est-il d\u00e9finitivement mort et enterr\u00e9 ? Essayons de voir \u00e7a ensemble !","robots":{"index":"index","follow":"follow","max-snippet":"max-snippet:-1","max-image-preview":"max-image-preview:large","max-video-preview":"max-video-preview:-1"},"canonical":"https:\/\/wisecreativeagency.com\/fr\/facebook-est-il-mort\/","og_locale":"fr_FR","og_type":"article","og_title":"Facebook est-il mort ? - Wise Creative Agency","og_description":"Faut-il encore utiliser Facebook en tant que marque ou bien ce r\u00e9seau est-il d\u00e9finitivement mort et enterr\u00e9 ? Essayons de voir \u00e7a ensemble !","og_url":"https:\/\/wisecreativeagency.com\/fr\/facebook-est-il-mort\/","og_site_name":"Wise Creative Agency","article_published_time":"2023-01-30T13:03:20+00:00","article_modified_time":"2023-02-03T11:14:47+00:00","og_image":[{"url":"https:\/\/wisecreativeagency.com\/wp-content\/uploads\/2023\/01\/Algorithme-facebook.jpg","type":"","width":"","height":""}],"author":"Estelle Ducommun","twitter_card":"summary_large_image","twitter_misc":{"\u00c9crit par":"Estelle Ducommun","Dur\u00e9e de lecture estim\u00e9e":"7 minutes"},"schema":{"@context":"https:\/\/schema.org","@graph":[{"@type":"WebPage","@id":"https:\/\/wisecreativeagency.com\/fr\/facebook-est-il-mort\/","url":"https:\/\/wisecreativeagency.com\/fr\/facebook-est-il-mort\/","name":"Facebook est-il mort ? - Wise Creative Agency","isPartOf":{"@id":"https:\/\/wisecreativeagency.com\/fr\/#website"},"primaryImageOfPage":{"@id":"https:\/\/wisecreativeagency.com\/fr\/facebook-est-il-mort\/#primaryimage"},"image":{"@id":"https:\/\/wisecreativeagency.com\/fr\/facebook-est-il-mort\/#primaryimage"},"thumbnailUrl":"https:\/\/wisecreativeagency.com\/wp-content\/uploads\/2023\/01\/Algorithme-facebook.jpg","datePublished":"2023-01-30T13:03:20+00:00","dateModified":"2023-02-03T11:14:47+00:00","author":{"@id":"https:\/\/wisecreativeagency.com\/fr\/#\/schema\/person\/4e45a53fea716beafb8903d4e4adf163"},"description":"Faut-il encore utiliser Facebook en tant que marque ou bien ce r\u00e9seau est-il d\u00e9finitivement mort et enterr\u00e9 ? Essayons de voir \u00e7a ensemble !","breadcrumb":{"@id":"https:\/\/wisecreativeagency.com\/fr\/facebook-est-il-mort\/#breadcrumb"},"inLanguage":"fr-FR","potentialAction":[{"@type":"ReadAction","target":["https:\/\/wisecreativeagency.com\/fr\/facebook-est-il-mort\/"]}]},{"@type":"ImageObject","inLanguage":"fr-FR","@id":"https:\/\/wisecreativeagency.com\/fr\/facebook-est-il-mort\/#primaryimage","url":"https:\/\/wisecreativeagency.com\/wp-content\/uploads\/2023\/01\/Algorithme-facebook.jpg","contentUrl":"https:\/\/wisecreativeagency.com\/wp-content\/uploads\/2023\/01\/Algorithme-facebook.jpg"},{"@type":"BreadcrumbList","@id":"https:\/\/wisecreativeagency.com\/fr\/facebook-est-il-mort\/#breadcrumb","itemListElement":[{"@type":"ListItem","position":1,"name":"Home","item":"https:\/\/wisecreativeagency.com\/fr\/"},{"@type":"ListItem","position":2,"name":"Facebook est-il mort ?"}]},{"@type":"WebSite","@id":"https:\/\/wisecreativeagency.com\/fr\/#website","url":"https:\/\/wisecreativeagency.com\/fr\/","name":"Wise Creative Agency","description":"Design, Web, SEO &amp; Marketing","potentialAction":[{"@type":"SearchAction","target":{"@type":"EntryPoint","urlTemplate":"https:\/\/wisecreativeagency.com\/fr\/?s={search_term_string}"},"query-input":{"@type":"PropertyValueSpecification","valueRequired":true,"valueName":"search_term_string"}}],"inLanguage":"fr-FR"},{"@type":"Person","@id":"https:\/\/wisecreativeagency.com\/fr\/#\/schema\/person\/4e45a53fea716beafb8903d4e4adf163","name":"Estelle Ducommun","image":{"@type":"ImageObject","inLanguage":"fr-FR","@id":"https:\/\/wisecreativeagency.com\/fr\/#\/schema\/person\/image\/","url":"https:\/\/wisecreativeagency.com\/wp-content\/uploads\/2023\/01\/cropped-IMG_5198-copie-96x96.jpg","contentUrl":"https:\/\/wisecreativeagency.com\/wp-content\/uploads\/2023\/01\/cropped-IMG_5198-copie-96x96.jpg","caption":"Estelle Ducommun"},"description":"Hi! My name is Estelle Ducommun, I'm the co-founder of Wise Creative Agency and I am a digital entrepreneur that loves to create and share. From my first personal blog 10 years ago to my digital nomad podcast, I just love the power of sharing - information, content, values - to help other entrepreneur grow and thrive online. Today, I apply all those years practicing SEO and marketing to help clients with powerful and well-thought strategies.","url":"https:\/\/wisecreativeagency.com\/fr\/administrator\/estelle-ducommun\/"}]}},"amp_enabled":true,"_links":{"self":[{"href":"https:\/\/wisecreativeagency.com\/fr\/wp-json\/wp\/v2\/posts\/7650","targetHints":{"allow":["GET"]}}],"collection":[{"href":"https:\/\/wisecreativeagency.com\/fr\/wp-json\/wp\/v2\/posts"}],"about":[{"href":"https:\/\/wisecreativeagency.com\/fr\/wp-json\/wp\/v2\/types\/post"}],"author":[{"embeddable":true,"href":"https:\/\/wisecreativeagency.com\/fr\/wp-json\/wp\/v2\/users\/2"}],"replies":[{"embeddable":true,"href":"https:\/\/wisecreativeagency.com\/fr\/wp-json\/wp\/v2\/comments?post=7650"}],"version-history":[{"count":39,"href":"https:\/\/wisecreativeagency.com\/fr\/wp-json\/wp\/v2\/posts\/7650\/revisions"}],"predecessor-version":[{"id":8390,"href":"https:\/\/wisecreativeagency.com\/fr\/wp-json\/wp\/v2\/posts\/7650\/revisions\/8390"}],"wp:attachment":[{"href":"https:\/\/wisecreativeagency.com\/fr\/wp-json\/wp\/v2\/media?parent=7650"}],"wp:term":[{"taxonomy":"category","embeddable":true,"href":"https:\/\/wisecreativeagency.com\/fr\/wp-json\/wp\/v2\/categories?post=7650"},{"taxonomy":"post_tag","embeddable":true,"href":"https:\/\/wisecreativeagency.com\/fr\/wp-json\/wp\/v2\/tags?post=7650"}],"curies":[{"name":"wp","href":"https:\/\/api.w.org\/{rel}","templated":true}]}}